{"id":738,"date":"2021-10-21T18:23:36","date_gmt":"2021-10-21T16:23:36","guid":{"rendered":"https:\/\/www.lyceenordbassin.fr\/?p=738"},"modified":"2021-10-21T18:23:36","modified_gmt":"2021-10-21T16:23:36","slug":"inauguration-des-nouveaux-vestiaires","status":"publish","type":"post","link":"https:\/\/www.lyceenordbassin.fr\/index.php\/2021\/10\/21\/inauguration-des-nouveaux-vestiaires\/","title":{"rendered":"Inauguration des nouveaux vestiaires"},"content":{"rendered":"\n<p>\u00a0\u00bb Aujourd&rsquo;hui, mercredi 13 octobre, inauguration des nouveaux vestiaires du lyc\u00e9e \u00ab\u00a0. <\/p>\n\n\n\n<p>En pr\u00e9sence de :<\/p>\n\n\n\n<ul><li>Mmes LEDUC Sandra , soci\u00e9t\u00e9 BULLE ARCHITECTES<\/li><li>Mme LE YONDRE, Maire d&rsquo;Audenge, conseill\u00e8re R\u00e9gionale et membre du CA<\/li><li>M.TREUTENA\u00cbRE, Adjoint charg\u00e9 des sports, de la vie associative et des affaires g\u00e9n\u00e9rales<\/li><li>M. GARRIC, Conseiller d\u00e9l\u00e9gu\u00e9 charg\u00e9 des Affaires Sociales<\/li><li>M. LE HOU\u00cbDEC Eric, Proviseur<\/li><li>Mme LLATAS Maria, Gestionnaire<\/li><li>Mme FELIP V\u00e9ronique, Proviseure adjointe<\/li><li>Mmes BAUER Julie et FLEURI Mila, \u00e9l\u00e8ves au lyc\u00e9e<\/li><li>M. CERANTOLA Gilles , soci\u00e9t\u00e9 EIFFAGE<\/li><\/ul>\n\n\n\n<div class=\"wp-block-image\"><figure class=\"aligncenter size-large is-resized\"><img decoding=\"async\" loading=\"lazy\" src=\"https:\/\/www.lyceenordbassin.fr\/wp-content\/uploads\/2021\/10\/IMG_8582-1024x768.jpeg\" alt=\"\" class=\"wp-image-746\" width=\"696\" height=\"521\" srcset=\"https:\/\/www.lyceenordbassin.fr\/wp-content\/uploads\/2021\/10\/IMG_8582-1024x768.jpeg 1024w, https:\/\/www.lyceenordbassin.fr\/wp-content\/uploads\/2021\/10\/IMG_8582-300x225.jpeg 300w, https:\/\/www.lyceenordbassin.fr\/wp-content\/uploads\/2021\/10\/IMG_8582-768x576.jpeg 768w, https:\/\/www.lyceenordbassin.fr\/wp-content\/uploads\/2021\/10\/IMG_8582-1536x1152.jpeg 1536w, https:\/\/www.lyceenordbassin.fr\/wp-content\/uploads\/2021\/10\/IMG_8582.jpeg 2048w\" sizes=\"(max-width: 696px) 100vw, 696px\" \/><\/figure><\/div>\n\n\n\n<p>Ces vestiaires ont fait l&rsquo;objet d&rsquo;une r\u00e9novation tr\u00e8s soign\u00e9e afin de les rendre le plus agr\u00e9able possible. A cette fin, la R\u00e9gion a accept\u00e9e un surco\u00fbt pour ce chantier. Le cabinet d&rsquo;Architectes BULLE a travaill\u00e9, pour ce projet, avec un groupe d&rsquo;\u00e9l\u00e8ves du lyc\u00e9e pour r\u00e9aliser le dessin des fresques dont le th\u00e8me avait \u00e9t\u00e9 pr\u00e9alablement choisi par l&rsquo;ensemble des \u00e9l\u00e8ves du lyc\u00e9e.<\/p>\n","protected":false},"excerpt":{"rendered":"<p>\u00a0\u00bb Aujourd&rsquo;hui, mercredi 13 octobre, inauguration des nouveaux vestiaires du lyc\u00e9e \u00ab\u00a0. En pr\u00e9sence de : Mmes LEDUC Sandra , soci\u00e9t\u00e9 BULLE ARCHITECTES Mme LE&hellip;<\/p>\n","protected":false},"author":1,"featured_media":0,"comment_status":"open","ping_status":"closed","sticky":false,"template":"","format":"standard","meta":[],"categories":[18,59],"tags":[160,161,162,159],"_links":{"self":[{"href":"https:\/\/www.lyceenordbassin.fr\/index.php\/wp-json\/wp\/v2\/posts\/738"}],"collection":[{"href":"https:\/\/www.lyceenordbassin.fr\/index.php\/wp-json\/wp\/v2\/posts"}],"about":[{"href":"https:\/\/www.lyceenordbassin.fr\/index.php\/wp-json\/wp\/v2\/types\/post"}],"author":[{"embeddable":true,"href":"https:\/\/www.lyceenordbassin.fr\/index.php\/wp-json\/wp\/v2\/users\/1"}],"replies":[{"embeddable":true,"href":"https:\/\/www.lyceenordbassin.fr\/index.php\/wp-json\/wp\/v2\/comments?post=738"}],"version-history":[{"count":4,"href":"https:\/\/www.lyceenordbassin.fr\/index.php\/wp-json\/wp\/v2\/posts\/738\/revisions"}],"predecessor-version":[{"id":748,"href":"https:\/\/www.lyceenordbassin.fr\/index.php\/wp-json\/wp\/v2\/posts\/738\/revisions\/748"}],"wp:attachment":[{"href":"https:\/\/www.lyceenordbassin.fr\/index.php\/wp-json\/wp\/v2\/media?parent=738"}],"wp:term":[{"taxonomy":"category","embeddable":true,"href":"https:\/\/www.lyceenordbassin.fr\/index.php\/wp-json\/wp\/v2\/categories?post=738"},{"taxonomy":"post_tag","embeddable":true,"href":"https:\/\/www.lyceenordbassin.fr\/index.php\/wp-json\/wp\/v2\/tags?post=738"}],"curies":[{"name":"wp","href":"https:\/\/api.w.org\/{rel}","templated":true}]}}