{"id":478,"date":"2020-08-26T12:13:20","date_gmt":"2020-08-26T10:13:20","guid":{"rendered":"http:\/\/www.lyceenordbassin.fr\/?p=478"},"modified":"2020-08-28T17:54:22","modified_gmt":"2020-08-28T15:54:22","slug":"organisation-rentree-2020-21","status":"publish","type":"post","link":"https:\/\/www.lyceenordbassin.fr\/index.php\/2020\/08\/26\/organisation-rentree-2020-21\/","title":{"rendered":"Organisation rentr\u00e9e 2020-21"},"content":{"rendered":"\n<p>Chers \u00e9l\u00e8ves, chers parents,<\/p>\n\n\n\n<h2 class=\"wp-block-heading\"><strong>Seconde g\u00e9n\u00e9rale<\/strong><\/h2>\n\n\n\n<p>La rentr\u00e9e se fera des \u00e9l\u00e8ves le <strong>1er septembre 2020 \u00e0 08h<\/strong>. La fin des cours est fix\u00e9e \u00e0 <strong>17h05<\/strong>.<\/p>\n\n\n\n<p>Les secondes seront accueillis mardi matin de 8h \u00e0 12h par leurs professeurs principaux. Une pause d\u00e9jeuner de 12h \u00e0 14h est pr\u00e9vue afin que les nouveaux \u00e9l\u00e8ves se familiarisent avec le fonctionnement du self. A partir de 14h, l\u2019\u00e9l\u00e8ve suit son emploi du temps habituel (distribu\u00e9 le matin-m\u00eame). Aucun cours n\u2019aura lieu ce jour-l\u00e0 apr\u00e8s 17h.<\/p>\n\n\n\n<p>Le d\u00e9jeuner aura lieu \u00e0 la cantine et non pas avec un panier repas.<\/p>\n\n\n\n<p>Il faudra pr\u00e9voir un sac pour les livres qui seront remis ce jour-l\u00e0.<\/p>\n\n\n\n<p>Les \u00e9l\u00e8ves n\u2019auront pas cours le mercredi 02 septembre 2020.<\/p>\n\n\n\n<h2 class=\"wp-block-heading\"><strong>Premi\u00e8re g\u00e9n\u00e9rale et technologique<\/strong><\/h2>\n\n\n\n<p>La rentr\u00e9e se fera le mercredi <strong>02 septembre 2020 \u00e0 08h<\/strong>. La fin des cours est fix\u00e9e \u00e0 <strong>12h<\/strong>.<\/p>\n\n\n\n<p>Il faudra pr\u00e9voir un sac pour les livres qui seront remis ce jour-l\u00e0.<\/p>\n\n\n\n<p>Les premi\u00e8res seront accueillis de 8h \u00e0 10h par leurs professeurs principaux. A partir de 10h10, les cours d\u00e9buteront selon leur emploi du temps.<\/p>\n\n\n\n<p>L\u2019emploi du temps s\u2019appliquera \u00e0 partir du 03 septembre 2020.<\/p>\n\n\n\n<p>DISTRIBUTION DES MANUELS SCOLAIRES<\/p>\n\n\n\n<p>Les \u00e9l\u00e8ves de seconde et de premi\u00e8re r\u00e9cup\u00e9reront leurs livres le jour de la rentr\u00e9e. Ils seront distribu\u00e9s ult\u00e9rieurement aux \u00e9l\u00e8ves de terminale.<\/p>\n\n\n\n<p>POUR LES \u00c9L\u00c8VES DEMI-PENSIONNAIRES\u00a0:<\/p>\n\n\n\n<p>Afin de permettre un respect de la distanciation physique entre les \u00e9l\u00e8ves \u00e0 la cantine, ils d\u00e9jeuneront deux jours sur trois \u00e0 la cantine et un jour sur trois avec un panier repas dans une salle qui leur sera annonc\u00e9e la semaine prochaine, en m\u00eame temps que le calendrier des rotations pour les jours du panier repas.<\/p>\n\n\n\n<p>Les rotations commenceront \u00e0 partir du jeudi 03 septembre.<\/p>\n\n\n\n<h2 class=\"wp-block-heading\"><strong>Terminale g\u00e9n\u00e9rale et technologique<\/strong><\/h2>\n\n\n\n<p>La rentr\u00e9e se fera le mercredi <strong>02 septembre 2020 \u00e0 08h<\/strong>. La fin des cours est fix\u00e9e \u00e0 <strong>12h<\/strong>.<\/p>\n\n\n\n<p>Les terminales seront accueillis de 8h \u00e0 10h par leurs professeurs principaux. A partir de 10h10, les cours d\u00e9buteront selon leur emploi du temps.<\/p>\n\n\n\n<p>L\u2019emploi du temps s\u2019appliquera \u00e0 partir du 03 septembre 2020.<\/p>\n\n\n\n<p>DISTRIBUTION DES MANUELS SCOLAIRES<\/p>\n\n\n\n<p>Les \u00e9l\u00e8ves de seconde et de premi\u00e8re r\u00e9cup\u00e9reront leurs livres le jour de la rentr\u00e9e. Ils seront distribu\u00e9s ult\u00e9rieurement aux \u00e9l\u00e8ves de terminale.<\/p>\n\n\n\n<p>POUR LES \u00c9L\u00c8VES DEMI-PENSIONNAIRES&nbsp;:<\/p>\n\n\n\n<p>Afin de permettre un respect de la distanciation physique entre les \u00e9l\u00e8ves \u00e0 la cantine, ils d\u00e9jeuneront deux jours sur trois \u00e0 la cantine et un jour sur trois avec un panier repas dans une salle qui leur sera annonc\u00e9e la semaine prochaine, en m\u00eame temps que le calendrier des rotations pour les jours du panier repas.<\/p>\n\n\n\n<p>Les rotations commenceront \u00e0 partir du jeudi 03 septembre.<\/p>\n\n\n\n<p>Le protocole sanitaire de l\u2019\u00e9ducation nationale applicable au lyc\u00e9e est disponible \u00e0 l\u2019adresse suivante&nbsp;:<\/p>\n\n\n\n<p><a href=\"http:\/\/www.education.gouv.fr\/\">www.education.gouv.fr<\/a><\/p>\n\n\n\n<p class=\"has-text-align-center\"><strong>LE PORT DU MASQUE EST OBLIGATOIRE EN TOUS LIEUX ET TOUTES CIRCONSTANCES<\/strong><\/p>\n","protected":false},"excerpt":{"rendered":"<p>Chers \u00e9l\u00e8ves, chers parents, Seconde g\u00e9n\u00e9rale La rentr\u00e9e se fera des \u00e9l\u00e8ves le 1er septembre 2020 \u00e0 08h. La fin des cours est fix\u00e9e \u00e0&hellip;<\/p>\n","protected":false},"author":1,"featured_media":480,"comment_status":"open","ping_status":"open","sticky":false,"template":"","format":"standard","meta":[],"categories":[18,17],"tags":[5,104,139,103,105],"_links":{"self":[{"href":"https:\/\/www.lyceenordbassin.fr\/index.php\/wp-json\/wp\/v2\/posts\/478"}],"collection":[{"href":"https:\/\/www.lyceenordbassin.fr\/index.php\/wp-json\/wp\/v2\/posts"}],"about":[{"href":"https:\/\/www.lyceenordbassin.fr\/index.php\/wp-json\/wp\/v2\/types\/post"}],"author":[{"embeddable":true,"href":"https:\/\/www.lyceenordbassin.fr\/index.php\/wp-json\/wp\/v2\/users\/1"}],"replies":[{"embeddable":true,"href":"https:\/\/www.lyceenordbassin.fr\/index.php\/wp-json\/wp\/v2\/comments?post=478"}],"version-history":[{"count":2,"href":"https:\/\/www.lyceenordbassin.fr\/index.php\/wp-json\/wp\/v2\/posts\/478\/revisions"}],"predecessor-version":[{"id":482,"href":"https:\/\/www.lyceenordbassin.fr\/index.php\/wp-json\/wp\/v2\/posts\/478\/revisions\/482"}],"wp:featuredmedia":[{"embeddable":true,"href":"https:\/\/www.lyceenordbassin.fr\/index.php\/wp-json\/wp\/v2\/media\/480"}],"wp:attachment":[{"href":"https:\/\/www.lyceenordbassin.fr\/index.php\/wp-json\/wp\/v2\/media?parent=478"}],"wp:term":[{"taxonomy":"category","embeddable":true,"href":"https:\/\/www.lyceenordbassin.fr\/index.php\/wp-json\/wp\/v2\/categories?post=478"},{"taxonomy":"post_tag","embeddable":true,"href":"https:\/\/www.lyceenordbassin.fr\/index.php\/wp-json\/wp\/v2\/tags?post=478"}],"curies":[{"name":"wp","href":"https:\/\/api.w.org\/{rel}","templated":true}]}}