{"id":457,"date":"2020-06-04T15:37:50","date_gmt":"2020-06-04T13:37:50","guid":{"rendered":"http:\/\/www.lyceenordbassin.fr\/?p=457"},"modified":"2020-06-04T15:37:51","modified_gmt":"2020-06-04T13:37:51","slug":"reprise-de-scolarite-juin-2020-post-covid19","status":"publish","type":"post","link":"https:\/\/www.lyceenordbassin.fr\/index.php\/2020\/06\/04\/reprise-de-scolarite-juin-2020-post-covid19\/","title":{"rendered":"Reprise de scolarit\u00e9 Juin 2020 post Covid19"},"content":{"rendered":"\n<p>Vous trouverez dans cette page toutes les informations pratiques pour la r\u00e9ouverture du lyc\u00e9e et la reprise de la scolarit\u00e9<\/p>\n\n\n\n<h2 class=\"wp-block-heading\">Conditions g\u00e9n\u00e9rales de la reprise<\/h2>\n\n\n\n<p>La reprise aura lieu le <strong>Mardi 09 juin 2020<\/strong> selon le respect de ce<strong><a href=\"https:\/\/www.lyceenordbassin.fr\/wp-content\/uploads\/2020\/06\/protocole-sanitaire-LNBSV.pdf\"> protocole sanitaire<\/a><\/strong>. Les cours auront lieu au b\u00e2timent B.<\/p>\n\n\n\n<p><strong>Le port du masque est obligatoire, les \u00e9l\u00e8ves devront en avoir deux \u00ab\u00a0propres\u00a0\u00bb avant chaque journ\u00e9e de cours.<\/strong><\/p>\n\n\n\n<h2 class=\"wp-block-heading\">Secondes<\/h2>\n\n\n\n<p>Les secondes auront cours le mercredi matin.<\/p>\n\n\n\n<h2 class=\"wp-block-heading\">Premi\u00e8res<\/h2>\n\n\n\n<p>Les premi\u00e8res auront cours le mardi, jeudi et vendredi.<\/p>\n\n\n\n<h2 class=\"wp-block-heading\">Terminales<\/h2>\n\n\n\n<p>La reprise des \u00e9l\u00e8ves de Terminales aura lieu entre le 29 juin et le 03 juillet 2020 pour une semaine de pr\u00e9paration aux \u00e9preuves orales de rattrapage du baccalaur\u00e9at.<\/p>\n\n\n\n<p>Les modalit\u00e9s de rattrapage de l&rsquo;\u00e9preuve ne sont actuellement pas connues.<\/p>\n","protected":false},"excerpt":{"rendered":"<p>Vous trouverez dans cette page toutes les informations pratiques pour la r\u00e9ouverture du lyc\u00e9e et la reprise de la scolarit\u00e9 Conditions g\u00e9n\u00e9rales de la reprise&hellip;<\/p>\n","protected":false},"author":1,"featured_media":460,"comment_status":"open","ping_status":"open","sticky":false,"template":"","format":"standard","meta":[],"categories":[18,122,59,17,99],"tags":[106,118,108],"_links":{"self":[{"href":"https:\/\/www.lyceenordbassin.fr\/index.php\/wp-json\/wp\/v2\/posts\/457"}],"collection":[{"href":"https:\/\/www.lyceenordbassin.fr\/index.php\/wp-json\/wp\/v2\/posts"}],"about":[{"href":"https:\/\/www.lyceenordbassin.fr\/index.php\/wp-json\/wp\/v2\/types\/post"}],"author":[{"embeddable":true,"href":"https:\/\/www.lyceenordbassin.fr\/index.php\/wp-json\/wp\/v2\/users\/1"}],"replies":[{"embeddable":true,"href":"https:\/\/www.lyceenordbassin.fr\/index.php\/wp-json\/wp\/v2\/comments?post=457"}],"version-history":[{"count":2,"href":"https:\/\/www.lyceenordbassin.fr\/index.php\/wp-json\/wp\/v2\/posts\/457\/revisions"}],"predecessor-version":[{"id":461,"href":"https:\/\/www.lyceenordbassin.fr\/index.php\/wp-json\/wp\/v2\/posts\/457\/revisions\/461"}],"wp:featuredmedia":[{"embeddable":true,"href":"https:\/\/www.lyceenordbassin.fr\/index.php\/wp-json\/wp\/v2\/media\/460"}],"wp:attachment":[{"href":"https:\/\/www.lyceenordbassin.fr\/index.php\/wp-json\/wp\/v2\/media?parent=457"}],"wp:term":[{"taxonomy":"category","embeddable":true,"href":"https:\/\/www.lyceenordbassin.fr\/index.php\/wp-json\/wp\/v2\/categories?post=457"},{"taxonomy":"post_tag","embeddable":true,"href":"https:\/\/www.lyceenordbassin.fr\/index.php\/wp-json\/wp\/v2\/tags?post=457"}],"curies":[{"name":"wp","href":"https:\/\/api.w.org\/{rel}","templated":true}]}}