{"id":347,"date":"2022-04-28T11:10:00","date_gmt":"2022-04-28T09:10:00","guid":{"rendered":"http:\/\/www.lyceenordbassin.fr\/?p=347"},"modified":"2022-04-28T14:14:32","modified_gmt":"2022-04-28T12:14:32","slug":"epreuves-baccalaureat-2019-20","status":"publish","type":"post","link":"https:\/\/www.lyceenordbassin.fr\/index.php\/2022\/04\/28\/epreuves-baccalaureat-2019-20\/","title":{"rendered":"\u00c9preuves Baccalaur\u00e9at"},"content":{"rendered":"\n<h2 class=\"wp-block-heading\">Session 2021-22<\/h2>\n\n\n\n<h2 class=\"wp-block-heading\">Calendrier Baccalaur\u00e9at g\u00e9n\u00e9ral session juin 2022<\/h2>\n\n\n\n<p>Les informations donn\u00e9es ci-dessous peuvent \u00eatre modifi\u00e9es par le minist\u00e8re de l&rsquo;\u00e9ducation nationale en fonction de l&rsquo;\u00e9volution de la pand\u00e9mie Covid 19 en France.<\/p>\n\n\n\n<p><strong>\u00c9crits de sp\u00e9cialit\u00e9<\/strong> : Les \u00e9preuves du <strong>14-15 et 16 mars 2022<\/strong> sont annul\u00e9es \u00e0 cause des conditions sanitaires. Elles sont d\u00e9cal\u00e9es au <strong>11-13 mai 2022<\/strong> comme indiqu\u00e9es ci-dessous.<\/p>\n\n\n\n<p><strong>28\/01\/22 : Extrait de la lettre d&rsquo;information du ministre aux professeurs<\/strong><\/p>\n\n\n\n<p>\u00a0\u00bb Les \u00e9preuves \u00e9crites de sp\u00e9cialit\u00e9 initialement pr\u00e9vues en m\u00e9tropole les lundi 14,<br>mardi 15 et mercredi 16 mars sont report\u00e9es au mercredi 11, jeudi 12 et vendredi 13<br>mai. Les \u00e9valuations des comp\u00e9tences exp\u00e9rimentales (ECE) interviendront dans les<br>jours suivants. Au vu des perturbations que subissent les lyc\u00e9es depuis plusieurs<br>semaines du fait des nombreuses absences d\u2019\u00e9l\u00e8ves et de professeurs touch\u00e9s par la<br>Covid, il est apparu en e\ufb00et absolument n\u00e9cessaire de modi\ufb01er ce calendrier, non<br>seulement pour garantir l\u2019\u00e9galit\u00e9 des \u00e9l\u00e8ves dans leur pr\u00e9paration \u00e0 l\u2019examen, mais<br>aussi pour garantir la bonne tenue de celui-ci dans un contexte sanitaire encore en<br>stabilisation. Avec ce report de deux mois, les \u00e9l\u00e8ves pourront ainsi se pr\u00e9parer plus<br>sereinement, et ce sur un programme d\u2019examen inchang\u00e9. Les \u00e9preuves de sp\u00e9cialit\u00e9<br>report\u00e9es \u00e0 la mi-mai se d\u00e9rouleront en e\ufb00et conform\u00e9ment au programme<br>d\u2019examen pr\u00e9vu pour mars.<br>Ces \u00e9preuves de sp\u00e9cialit\u00e9 comporteront des am\u00e9nagements de leurs sujets, qui<br>garantiront toujours un choix au candidat, que ce soit entre des questions ou entre<br>des exercices. Il sera ainsi assur\u00e9 de traiter un sujet sollicitant des contenus<br>d\u2019enseignement qu\u2019il aura \u00e9tudi\u00e9s et travaill\u00e9s. Les deux jours pr\u00e9c\u00e9dant ces<br>\u00e9preuves seront consacr\u00e9s, dans les \u00e9tablissements, aux r\u00e9visions des examens, les<br>\u00e9l\u00e8ves de terminale n\u2019ayant que leurs cours de sp\u00e9cialit\u00e9.<br>Dans le m\u00eame objectif, celui de laisser le plus de temps possible aux \u00e9l\u00e8ves pour<br>consolider leurs apprentissages, j\u2019ai d\u00e9cid\u00e9 que la passation de l\u2019attestation de<br>langues vivantes serait suspendue cette ann\u00e9e et que le contr\u00f4le continu en cours de<br>formation en \u00e9ducation physique et sportive pourrait \u00eatre ramen\u00e9 de trois \u00e0 deux<br>\u00e9preuves partout o\u00f9 cela sera n\u00e9cessaire.<\/p>\n\n\n\n<p>J\u2019ai conscience que ce report des \u00e9preuves de sp\u00e9cialit\u00e9 modi\ufb01e la remont\u00e9e des<br>notes dans la proc\u00e9dure d\u2019orientation dans l\u2019enseignement sup\u00e9rieur. Si les notes<br>obtenues aux \u00e9preuves de sp\u00e9cialit\u00e9 ne pourront \u00eatre prises en compte par les<br>formations de l\u2019enseignement sup\u00e9rieur, la plateforme Parcoursup disposera<br>n\u00e9anmoins des moyennes des \u00e9l\u00e8ves dans ces enseignements de sp\u00e9cialit\u00e9, les<br>acteurs de l\u2019enseignement sup\u00e9rieur pourront ainsi les consulter et appr\u00e9cier<br>l\u2019engagement des \u00e9l\u00e8ves dans ces enseignements, tout en consid\u00e9rant l\u2019incidence du<br>contexte sanitaire sur le contr\u00f4le continu.<br>En\ufb01n, le report de ces \u00e9preuves de sp\u00e9cialit\u00e9 de la mi-mars \u00e0 la mi-mai n\u2019induit pas<br>de modi\ufb01cation sur les \u00e9ch\u00e9ances ult\u00e9rieures du calendrier du baccalaur\u00e9at g\u00e9n\u00e9ral<br>et technologique. Les \u00e9preuves terminales de philosophie et du Grand oral pourront<br>se d\u00e9rouler comme pr\u00e9vu, ainsi que les concours auxquels certains \u00e9l\u00e8ves<br>candidatent pour rejoindre des formations de l\u2019enseignement sup\u00e9rieur. Les \u00e9l\u00e8ves et<br>tous les acteurs de la communaut\u00e9 \u00e9ducative disposent ainsi d\u2019une pleine visibilit\u00e9<br>sur les prochaines \u00e9ch\u00e9ances. Ils pourront \u00e9galement s\u00e9quencer leur travail sans \u00eatre<br>press\u00e9s par une s\u00e9rie continue d\u2019\u00e9preuves. Nous r\u00e9pondons l\u00e0 \u00e0 des demandes<br>fortement exprim\u00e9es : celles de pouvoir se projeter sur l\u2019int\u00e9gralit\u00e9 de l\u2019ann\u00e9e<br>scolaire et de subir le moins de perturbations possible.\u00a0\u00bb<\/p>\n\n\n\n<p><strong>\u00c9preuves<\/strong> de capacit\u00e9s exp\u00e9rimentales SVT\/SPC : Ces derni\u00e8res sont aussi annul\u00e9es en mars 2022 et d\u00e9cal\u00e9es  au lyc\u00e9e au <strong>mardi 31<\/strong> <strong>mai 2022<\/strong>.<\/p>\n\n\n\n<p>Les \u00e9l\u00e8ves peuvent <strong><a href=\"https:\/\/eduscol.education.fr\/2561\/banques-des-ece\">consulter et pr\u00e9parer l&rsquo;ensemble des situations exp\u00e9rimentales disponibles en ligne<\/a><\/strong>.<\/p>\n\n\n\n<p>Les \u00e9preuves de juin sont pour l&rsquo;instant maintenues : le <strong>Grand-Oral<\/strong> et la <strong>Philosophie<\/strong>.<\/p>\n\n\n\n<p>Philosophie : <strong>15 juin 2022<\/strong><\/p>\n\n\n\n<p>Grand-oral : <strong>20 juin au 1 juillet 2022<\/strong><\/p>\n\n\n\n<p>R\u00e9sultats : <strong>5 juillet 2022<\/strong> en ligne et affich\u00e9s au lyc\u00e9e vers 10h<\/p>\n\n\n\n<p>Fin de la session 2022 : <strong>8 juillet 2022<\/strong><\/p>\n\n\n\n<p>Le minist\u00e8re propose une <strong><a href=\"https:\/\/www.education.gouv.fr\/bac-brevet-2020-les-reponses-vos-questions-303348\">FAQ<\/a><\/strong> (questions fr\u00e9quentes) \u00e0 destination des diff\u00e9rents acteurs des \u00e9tablissements scolaires.<\/p>\n","protected":false},"excerpt":{"rendered":"<p>Session 2021-22 Calendrier Baccalaur\u00e9at g\u00e9n\u00e9ral session juin 2022 Les informations donn\u00e9es ci-dessous peuvent \u00eatre modifi\u00e9es par le minist\u00e8re de l&rsquo;\u00e9ducation nationale en fonction de l&rsquo;\u00e9volution&hellip;<\/p>\n","protected":false},"author":1,"featured_media":350,"comment_status":"open","ping_status":"open","sticky":false,"template":"","format":"standard","meta":[],"categories":[18,122,59,17,99],"tags":[106,118,108,123],"_links":{"self":[{"href":"https:\/\/www.lyceenordbassin.fr\/index.php\/wp-json\/wp\/v2\/posts\/347"}],"collection":[{"href":"https:\/\/www.lyceenordbassin.fr\/index.php\/wp-json\/wp\/v2\/posts"}],"about":[{"href":"https:\/\/www.lyceenordbassin.fr\/index.php\/wp-json\/wp\/v2\/types\/post"}],"author":[{"embeddable":true,"href":"https:\/\/www.lyceenordbassin.fr\/index.php\/wp-json\/wp\/v2\/users\/1"}],"replies":[{"embeddable":true,"href":"https:\/\/www.lyceenordbassin.fr\/index.php\/wp-json\/wp\/v2\/comments?post=347"}],"version-history":[{"count":26,"href":"https:\/\/www.lyceenordbassin.fr\/index.php\/wp-json\/wp\/v2\/posts\/347\/revisions"}],"predecessor-version":[{"id":912,"href":"https:\/\/www.lyceenordbassin.fr\/index.php\/wp-json\/wp\/v2\/posts\/347\/revisions\/912"}],"wp:featuredmedia":[{"embeddable":true,"href":"https:\/\/www.lyceenordbassin.fr\/index.php\/wp-json\/wp\/v2\/media\/350"}],"wp:attachment":[{"href":"https:\/\/www.lyceenordbassin.fr\/index.php\/wp-json\/wp\/v2\/media?parent=347"}],"wp:term":[{"taxonomy":"category","embeddable":true,"href":"https:\/\/www.lyceenordbassin.fr\/index.php\/wp-json\/wp\/v2\/categories?post=347"},{"taxonomy":"post_tag","embeddable":true,"href":"https:\/\/www.lyceenordbassin.fr\/index.php\/wp-json\/wp\/v2\/tags?post=347"}],"curies":[{"name":"wp","href":"https:\/\/api.w.org\/{rel}","templated":true}]}}