{"id":296,"date":"2021-04-15T10:00:00","date_gmt":"2021-04-15T08:00:00","guid":{"rendered":"http:\/\/www.lyceenordbassin.fr\/?p=296"},"modified":"2021-04-15T09:59:15","modified_gmt":"2021-04-15T07:59:15","slug":"continuite-pedagogique-covid19","status":"publish","type":"post","link":"https:\/\/www.lyceenordbassin.fr\/index.php\/2021\/04\/15\/continuite-pedagogique-covid19\/","title":{"rendered":"Continuit\u00e9 p\u00e9dagogique &#8211; Covid19"},"content":{"rendered":"\n<p>Bienvenue dans l&rsquo;espace d\u00e9di\u00e9 \u00e0 la mise en place des outils en ligne de t\u00e9l\u00e9travail dans le cadre de la crise \u00e9pid\u00e9miologique Covid19.<\/p>\n\n\n\n<h2 class=\"wp-block-heading\">Outils en ligne<\/h2>\n\n\n\n<p>Le lyc\u00e9e continue de proposer un 100% <strong>distanciel<\/strong> du <strong>Lundi 26\/04\/21 au Vendredi 30\/04\/21<\/strong>. Pour l&rsquo;instant, l&rsquo;organisation des enseignements <strong>\u00e0 partir du Lundi 03\/05\/21 n&rsquo;est pas encore connu<\/strong>.<\/p>\n\n\n\n<p>Certains professeurs proposent l&rsquo;utilisation de documents d\u00e9pos\u00e9s dans <strong><a href=\"https:\/\/www.lyceenordbassin.fr\/index.php\/2020\/02\/27\/pronote\/\">Pronote<\/a><\/strong> et demandent aux \u00e9l\u00e8ves de r\u00e9aliser des travaux sur les horaires des emplois du temps des disciplines.<\/p>\n\n\n\n<p>Certains professeurs utilisent de la m\u00eame fa\u00e7on le <strong><a href=\"https:\/\/www.lyceenordbassin.fr\/index.php\/2020\/02\/27\/le-lycee-connecte\/\">lyc\u00e9e connect\u00e9<\/a><\/strong>.<\/p>\n\n\n\n<p>Les \u00e9l\u00e8ves re\u00e7oivent des messages via Pronote, le lyc\u00e9e connect\u00e9 et peuvent eux-m\u00eame envoyer des messages aux professeurs.<\/p>\n\n\n\n<p>Il est possible de s&rsquo;inscrire sur le site national du CNED et d&rsquo;utiliser <strong><a href=\"https:\/\/www.lyceenordbassin.fr\/index.php\/2020\/03\/15\/ma-classe-a-la-maison\/\">ma classe \u00e0 la maison niveau lyc\u00e9e<\/a><\/strong>.<\/p>\n\n\n\n<p>Tous ces services num\u00e9riques sont list\u00e9s dans la <strong><a href=\"https:\/\/www.lyceenordbassin.fr\/index.php\/page-d-exemple\/\">section services en ligne<\/a><\/strong>.<\/p>\n\n\n\n<h2 class=\"wp-block-heading\">Se prot\u00e9ger du virus de la Covid19<\/h2>\n\n\n\n<p>Les \u00e9l\u00e8ves doivent porter en permanence un masque dans le lyc\u00e9e, quelque soit le lieu. <\/p>\n\n\n\n<p>La prise de repas \u00e0 la cantine est le seul moment o\u00f9 les \u00e9l\u00e8ves peuvent retirer le masque.<\/p>\n\n\n\n<p>Un \u00e9l\u00e8ve doit utiliser <strong>un masque pour le matin<\/strong>, le jeter puis en utiliser <strong>un neuf pour l&rsquo;apr\u00e8s-midi<\/strong>, chaque masque n&rsquo;est efficace que <strong>3 \u00e0 4h<\/strong>.<\/p>\n\n\n\n<h2 class=\"wp-block-heading\">Se renseigner sur la Covid19<\/h2>\n\n\n\n<ul><li><strong><a rel=\"noreferrer noopener\" href=\"https:\/\/www.gouvernement.fr\/info-coronavirus\/carte-et-donnees\" target=\"_blank\">Cartes officielles et donn\u00e9es scientifiques en France<\/a><\/strong> (FR)<\/li><li>Donn\u00e9es et cartes de la France, des d\u00e9partements, du monde sur <strong><a href=\"https:\/\/covidtracker.fr\/\">Covid tracker<\/a><\/strong> (FR)<\/li><li>Les <a href=\"https:\/\/www.gouvernement.fr\/info-coronavirus\"><strong>toutes derni\u00e8res nouvelles et informations officielles en France <\/strong>(FR)<\/a><\/li><li>Les <strong><a rel=\"noreferrer noopener\" href=\"https:\/\/www.sante.fr\/centres-vaccination-covid.html\" target=\"_blank\">centres de vaccination en France<\/a><\/strong> (FR)<\/li><li><strong><a rel=\"noreferrer noopener\" href=\"https:\/\/www.service-public.fr\/particuliers\/actualites\/A14557\" target=\"_blank\">Calendrier<\/a><\/strong> de vaccination en France (FR)<\/li><li><strong><a rel=\"noreferrer noopener\" href=\"https:\/\/solidarites-sante.gouv.fr\/actualites\/presse\/communiques-de-presse\/article\/vaccination-contre-la-covid-en-france-au-15-janvier-2021-pres-de-389-000\" target=\"_blank\">Avancement<\/a><\/strong> de la vaccination en France (FR)<\/li><li>Pour bien comprendre ce qu&rsquo;est la Covid19, <strong><a href=\"https:\/\/www.who.int\/fr\/emergencies\/diseases\/novel-coronavirus-2019\">visitez le site officiel de l&rsquo;Organisation Mondiale de la Sant\u00e9<\/a><\/strong> (FR).<\/li><li>Savoir jour apr\u00e8s jour l&rsquo;\u00e9tat sanitaire de notre pays et les recommandations de sant\u00e9 officielle, <strong><a href=\"https:\/\/www.santepubliquefrance.fr\/maladies-et-traumatismes\/maladies-et-infections-respiratoires\/infection-a-coronavirus\/articles\/infection-au-nouveau-coronavirus-sars-cov-2-covid-19-france-et-monde\">visitez le site Sant\u00e9 Publique Covid19<\/a><\/strong> (FR).<\/li><li>Une <strong><a href=\"https:\/\/gisanddata.maps.arcgis.com\/apps\/opsdashboard\/index.html#\/bda7594740fd40299423467b48e9ecf6\">carte mondiale actualis\u00e9 24h\/24h de l&rsquo;\u00e9volution de la pand\u00e9mie<\/a><\/strong> est disponible (Donn\u00e9es Johns Hopkins University, EN)<\/li><li>Beaucoup de <strong><a href=\"https:\/\/www.lemonde.fr\/les-decodeurs\/article\/2020\/03\/13\/coronavirus-petit-guide-pour-distinguer-les-fausses-rumeurs-des-vrais-conseils_6032938_4355770.html\">fausses nouvelles (fake news) et d\u00e9sinformations sur la pand\u00e9mie \u00e0 la Covid19, le journal Le Monde fait le point ici<\/a><\/strong> (FR).<\/li><\/ul>\n","protected":false},"excerpt":{"rendered":"<p>Bienvenue dans l&rsquo;espace d\u00e9di\u00e9 \u00e0 la mise en place des outils en ligne de t\u00e9l\u00e9travail dans le cadre de la crise \u00e9pid\u00e9miologique Covid19. Outils en&hellip;<\/p>\n","protected":false},"author":1,"featured_media":299,"comment_status":"open","ping_status":"open","sticky":false,"template":"","format":"standard","meta":[],"categories":[109,59,17,45,112,2],"tags":[111,108,110],"_links":{"self":[{"href":"https:\/\/www.lyceenordbassin.fr\/index.php\/wp-json\/wp\/v2\/posts\/296"}],"collection":[{"href":"https:\/\/www.lyceenordbassin.fr\/index.php\/wp-json\/wp\/v2\/posts"}],"about":[{"href":"https:\/\/www.lyceenordbassin.fr\/index.php\/wp-json\/wp\/v2\/types\/post"}],"author":[{"embeddable":true,"href":"https:\/\/www.lyceenordbassin.fr\/index.php\/wp-json\/wp\/v2\/users\/1"}],"replies":[{"embeddable":true,"href":"https:\/\/www.lyceenordbassin.fr\/index.php\/wp-json\/wp\/v2\/comments?post=296"}],"version-history":[{"count":21,"href":"https:\/\/www.lyceenordbassin.fr\/index.php\/wp-json\/wp\/v2\/posts\/296\/revisions"}],"predecessor-version":[{"id":614,"href":"https:\/\/www.lyceenordbassin.fr\/index.php\/wp-json\/wp\/v2\/posts\/296\/revisions\/614"}],"wp:featuredmedia":[{"embeddable":true,"href":"https:\/\/www.lyceenordbassin.fr\/index.php\/wp-json\/wp\/v2\/media\/299"}],"wp:attachment":[{"href":"https:\/\/www.lyceenordbassin.fr\/index.php\/wp-json\/wp\/v2\/media?parent=296"}],"wp:term":[{"taxonomy":"category","embeddable":true,"href":"https:\/\/www.lyceenordbassin.fr\/index.php\/wp-json\/wp\/v2\/categories?post=296"},{"taxonomy":"post_tag","embeddable":true,"href":"https:\/\/www.lyceenordbassin.fr\/index.php\/wp-json\/wp\/v2\/tags?post=296"}],"curies":[{"name":"wp","href":"https:\/\/api.w.org\/{rel}","templated":true}]}}