{"id":1390,"date":"2023-06-02T10:44:52","date_gmt":"2023-06-02T08:44:52","guid":{"rendered":"https:\/\/www.lyceenordbassin.fr\/?p=1390"},"modified":"2023-06-06T09:21:50","modified_gmt":"2023-06-06T07:21:50","slug":"journee-mondiale-de-lenvironnement-05-juin","status":"publish","type":"post","link":"https:\/\/www.lyceenordbassin.fr\/index.php\/2023\/06\/02\/journee-mondiale-de-lenvironnement-05-juin\/","title":{"rendered":"Journ\u00e9e mondiale de l&rsquo;environnement &#8211; 05 juin"},"content":{"rendered":"\n<p>Pour marquer le coup de cette journ\u00e9e mondiale de l&rsquo;environnement, le <strong>dress code sera Vert et\/ou Bleu<\/strong> !<\/p>\n\n\n\n<p>Il est important de se mobiliser pour notre plan\u00e8te !! Nous esp\u00e9rons que vous passerez tous une agr\u00e9able journ\u00e9e !<\/p>\n\n\n\n<p>A cette occasion, le lyc\u00e9e s&rsquo;est mobilis\u00e9 afin de proposer plusieurs actions aux \u00e9l\u00e8ves :<br>collecte, conf\u00e9rence et ateliers autour du v\u00e9lo.<\/p>\n\n\n\n<h2 class=\"wp-block-heading\">Une conf\u00e9rence<\/h2>\n\n\n\n<p>De <strong>12h30 \u00e0 14h,<\/strong> les \u00e9l\u00e8ves auront l&rsquo;opportunit\u00e9 de participer \u00e0 une conf\u00e9rence de Gilles Boeuf &nbsp;sur<\/p>\n\n\n\n<p> \u00ab\u00a0<strong>l&rsquo;Humain dans le vivant<\/strong>\u00ab\u00a0<\/p>\n\n\n<div class=\"wp-block-image\">\n<figure class=\"aligncenter size-full\"><img decoding=\"async\" loading=\"lazy\" width=\"640\" height=\"480\" src=\"https:\/\/www.lyceenordbassin.fr\/wp-content\/uploads\/2023\/06\/640px-Gilles-Boeuf-Espace-des-sciences-06-11-12.jpg\" alt=\"licence CC-BY-SA wikipedia\" class=\"wp-image-1406\" srcset=\"https:\/\/www.lyceenordbassin.fr\/wp-content\/uploads\/2023\/06\/640px-Gilles-Boeuf-Espace-des-sciences-06-11-12.jpg 640w, https:\/\/www.lyceenordbassin.fr\/wp-content\/uploads\/2023\/06\/640px-Gilles-Boeuf-Espace-des-sciences-06-11-12-300x225.jpg 300w\" sizes=\"(max-width: 640px) 100vw, 640px\" \/><\/figure><\/div>\n\n\n<p><br><strong><a href=\"https:\/\/fr.wikipedia.org\/wiki\/Gilles_Boeuf\">Gilles Boeuf<\/a><\/strong> est un biologiste et un ancien professeur de l&rsquo;universit\u00e9 Pierre-et-Marie-Curie ainsi que de la Sorbonne.<br>De 2009 \u00e0 2015, il fut le pr\u00e9sident du <strong><a href=\"https:\/\/www.mnhn.fr\/fr\">Mus\u00e9um national d&rsquo;histoire naturelle<\/a><\/strong>.<br>Depuis 2021 il est conseiller r\u00e9gional de Nouvelle Aquitaine et est nomm\u00e9 au comit\u00e9 consultatif national d&rsquo;\u00e9thique pour les sciences de la vie et de la sant\u00e9 par le ministre de l&rsquo;\u00e9ducation&nbsp;<br>nationale.&nbsp;<br>(100 places maximum sur inscription en amont aupr\u00e8s de la vie scolaire)<\/p>\n\n\n\n<h2 class=\"wp-block-heading\">Le v\u00e9lo dans tous ses \u00e9tats sur le plateau sportif<\/h2>\n\n\n\n<p>De <strong>9h45 \u00e0 15h15<\/strong> les \u00e9l\u00e8ves pourront se rendre sur le plateau sportif afin de d\u00e9couvrir <strong><a href=\"https:\/\/insercycles.com\/\">l&rsquo;association \u00ab\u00a0Insercycle\u00a0\u00bb<\/a><\/strong>.<\/p>\n\n\n\n<p>Sur cet atelier sera propos\u00e9 :<\/p>\n\n\n\n<ul>\n<li>une sensibilisation \u00e0 la s\u00e9curit\u00e9 routi\u00e8re<\/li>\n\n\n\n<li>une sensibilisation \u00e0 la s\u00e9curit\u00e9 routi\u00e8re<\/li>\n\n\n\n<li>une pr\u00e9sentation de v\u00e9los recycl\u00e9s<\/li>\n\n\n\n<li>un apprentissage de la r\u00e9vision de son v\u00e9lo<\/li>\n\n\n\n<li>un atelier tandem<\/li>\n\n\n\n<li>une sensibilisation sur les moyens de locomotion propres<\/li>\n\n\n\n<li>une exposition<\/li>\n<\/ul>\n\n\n\n<h2 class=\"wp-block-heading\">Un v\u00e9lo-smoothie \u00e9cologique<\/h2>\n\n\n<div class=\"wp-block-image\">\n<figure class=\"aligncenter size-full\"><img decoding=\"async\" loading=\"lazy\" width=\"450\" height=\"300\" src=\"https:\/\/www.lyceenordbassin.fr\/wp-content\/uploads\/2023\/06\/NL_velo_smoothie_le-materiel-11-450x300-1.jpg\" alt=\"\" class=\"wp-image-1402\" srcset=\"https:\/\/www.lyceenordbassin.fr\/wp-content\/uploads\/2023\/06\/NL_velo_smoothie_le-materiel-11-450x300-1.jpg 450w, https:\/\/www.lyceenordbassin.fr\/wp-content\/uploads\/2023\/06\/NL_velo_smoothie_le-materiel-11-450x300-1-300x200.jpg 300w\" sizes=\"(max-width: 450px) 100vw, 450px\" \/><\/figure><\/div>\n\n\n<p>Entre <strong>12h et 13h30<\/strong> : les \u00e9l\u00e8ves pourront consommer de petits smoothies gr\u00e2ce au \u00ab\u00a0v\u00e9lo-smoothie\u00a0\u00bb ==&gt; Chaque \u00e9l\u00e8ve voulant d\u00e9guster un smoothie devra p\u00e9daler sur ce v\u00e9lo pour l&rsquo;obtenir !!!<\/p>\n\n\n\n<h2 class=\"wp-block-heading\">Collecte fourniture scolaires usag\u00e9es et recyclage<\/h2>\n\n\n\n<p>Enfin tout au long de la journ\u00e9e , sera mis en place une collecte organis\u00e9e dans le cadre du programme UBICUITY !<\/p>\n\n\n\n<figure class=\"wp-block-embed is-type-video is-provider-youtube wp-block-embed-youtube wp-embed-aspect-16-9 wp-has-aspect-ratio\"><div class=\"wp-block-embed__wrapper\">\n<div class=\"epyt-video-wrapper\"><iframe loading=\"lazy\"  id=\"_ytid_23085\"  width=\"843\" height=\"474\"  data-origwidth=\"843\" data-origheight=\"474\"  data-relstop=\"1\" src=\"https:\/\/www.youtube.com\/embed\/lEWpXgOpbhQ?enablejsapi=1&#038;autoplay=0&#038;cc_load_policy=0&#038;cc_lang_pref=&#038;iv_load_policy=1&#038;loop=0&#038;rel=0&#038;fs=1&#038;playsinline=0&#038;autohide=2&#038;theme=dark&#038;color=red&#038;controls=1&#038;\" class=\"__youtube_prefs__  epyt-is-override  no-lazyload\" title=\"YouTube player\"  allow=\"fullscreen; accelerometer; autoplay; clipboard-write; encrypted-media; gyroscope; picture-in-picture\" allowfullscreen data-no-lazy=\"1\" data-skipgform_ajax_framebjll=\"\"><\/iframe><\/div>\n<\/div><\/figure>\n\n\n\n<p><strong><a href=\"https:\/\/plaseco.fr\/gammes\/mobilier-exterieur-ubicuity\/\">Ubicuity<\/a><\/strong> est une entreprise qui recycle les fournitures usag\u00e9es afin d&rsquo;en faire du mobilier scolaire !<br>C&rsquo;est la fin de l&rsquo;ann\u00e9e, nous vous invitons tous \u00e0 <strong>recycler vos stylos \u00e0 bille, feutres, porte-mines, correcteurs, marqueurs, effaceurs et surligneurs<\/strong> !<br>La collecte se prolongera jusqu&rsquo;au <strong>12 Juin<\/strong> !<\/p>\n\n\n\n<h2 class=\"wp-block-heading\">Des liens pour en savoir plus<\/h2>\n\n\n\n<ul>\n<li><strong><a href=\"https:\/\/www.un.org\/fr\/observances\/environment-day\">Le site international des nations unies<\/a><\/strong> (FR)<\/li>\n\n\n\n<li><strong><a href=\"https:\/\/www.worldenvironmentday.global\/fr\/about\/history\">Journ\u00e9e mondiale de l&rsquo;environnement<\/a><\/strong> (FR)<\/li>\n\n\n\n<li><strong><a href=\"https:\/\/www.ecologie.gouv.fr\/lentreprise-pocheco-quand-ecologie-et-economie-font-bon-menage\">L&rsquo;entreprise d&rsquo;enveloppes et de papier Pocheco<\/a><\/strong> (FR)<\/li>\n<\/ul>\n","protected":false},"excerpt":{"rendered":"<p>Pour marquer le coup de cette journ\u00e9e mondiale de l&rsquo;environnement, le dress code sera Vert et\/ou Bleu ! Il est important de se mobiliser pour&hellip;<\/p>\n","protected":false},"author":1,"featured_media":0,"comment_status":"open","ping_status":"closed","sticky":false,"template":"","format":"standard","meta":[],"categories":[17,232,66,32],"tags":[237,236,239,108,238,10,9,240],"_links":{"self":[{"href":"https:\/\/www.lyceenordbassin.fr\/index.php\/wp-json\/wp\/v2\/posts\/1390"}],"collection":[{"href":"https:\/\/www.lyceenordbassin.fr\/index.php\/wp-json\/wp\/v2\/posts"}],"about":[{"href":"https:\/\/www.lyceenordbassin.fr\/index.php\/wp-json\/wp\/v2\/types\/post"}],"author":[{"embeddable":true,"href":"https:\/\/www.lyceenordbassin.fr\/index.php\/wp-json\/wp\/v2\/users\/1"}],"replies":[{"embeddable":true,"href":"https:\/\/www.lyceenordbassin.fr\/index.php\/wp-json\/wp\/v2\/comments?post=1390"}],"version-history":[{"count":18,"href":"https:\/\/www.lyceenordbassin.fr\/index.php\/wp-json\/wp\/v2\/posts\/1390\/revisions"}],"predecessor-version":[{"id":1411,"href":"https:\/\/www.lyceenordbassin.fr\/index.php\/wp-json\/wp\/v2\/posts\/1390\/revisions\/1411"}],"wp:attachment":[{"href":"https:\/\/www.lyceenordbassin.fr\/index.php\/wp-json\/wp\/v2\/media?parent=1390"}],"wp:term":[{"taxonomy":"category","embeddable":true,"href":"https:\/\/www.lyceenordbassin.fr\/index.php\/wp-json\/wp\/v2\/categories?post=1390"},{"taxonomy":"post_tag","embeddable":true,"href":"https:\/\/www.lyceenordbassin.fr\/index.php\/wp-json\/wp\/v2\/tags?post=1390"}],"curies":[{"name":"wp","href":"https:\/\/api.w.org\/{rel}","templated":true}]}}