{"id":1282,"date":"2023-03-17T22:07:04","date_gmt":"2023-03-17T21:07:04","guid":{"rendered":"https:\/\/www.lyceenordbassin.fr\/?p=1282"},"modified":"2023-03-17T22:07:05","modified_gmt":"2023-03-17T21:07:05","slug":"les-lyceens-pour-les-restos-du-coeur","status":"publish","type":"post","link":"https:\/\/www.lyceenordbassin.fr\/index.php\/2023\/03\/17\/les-lyceens-pour-les-restos-du-coeur\/","title":{"rendered":"Les lyc\u00e9ens pour les Restos du c\u0153ur"},"content":{"rendered":"\n<p>Durant la semaine du <strong>20 au 25 f\u00e9vrier 2023<\/strong>, les \u00e9l\u00e8ves du <strong>Conseil de vie lyc\u00e9enne<\/strong> et de la <strong>Maison des lyc\u00e9ens<\/strong> du lyc\u00e9e Nord Bassin Simone Veil se sont mobilis\u00e9s pour organiser une <strong>collecte au profit des \u00ab&nbsp;Restos du c\u0153ur&nbsp;\u00bb<\/strong>.<\/p>\n\n\n<div class=\"wp-block-image\">\n<figure class=\"aligncenter size-full\"><img decoding=\"async\" loading=\"lazy\" width=\"350\" height=\"347\" src=\"https:\/\/www.lyceenordbassin.fr\/wp-content\/uploads\/2023\/03\/NL_logo_restos_du_coeur_350.jpg\" alt=\"\" class=\"wp-image-1287\" srcset=\"https:\/\/www.lyceenordbassin.fr\/wp-content\/uploads\/2023\/03\/NL_logo_restos_du_coeur_350.jpg 350w, https:\/\/www.lyceenordbassin.fr\/wp-content\/uploads\/2023\/03\/NL_logo_restos_du_coeur_350-300x297.jpg 300w, https:\/\/www.lyceenordbassin.fr\/wp-content\/uploads\/2023\/03\/NL_logo_restos_du_coeur_350-150x150.jpg 150w\" sizes=\"(max-width: 350px) 100vw, 350px\" \/><\/figure><\/div>\n\n\n<p>Tous les jours, les \u00e9l\u00e8ves ont tenu un stand pour r\u00e9colter les dons de leurs camarades et des diff\u00e9rents personnels de l\u2019\u00e9tablissement.<\/p>\n\n\n\n<p>Cette action a rencontr\u00e9 un franc succ\u00e8s car elle a permis de collecter notamment &nbsp;des p\u00e2tes, des bo\u00eetes de conserves, des produits pour b\u00e9b\u00e9s, produits pour lesquels il restait tr\u00e8s peu de stock sur l\u2019antenne locale.<\/p>\n\n\n\n<figure class=\"wp-block-image size-large\"><img decoding=\"async\" loading=\"lazy\" width=\"1024\" height=\"597\" src=\"https:\/\/www.lyceenordbassin.fr\/wp-content\/uploads\/2023\/03\/2023_02_28_LNBSV_restos_coeur-1024x597.jpg\" alt=\"\" class=\"wp-image-1284\" srcset=\"https:\/\/www.lyceenordbassin.fr\/wp-content\/uploads\/2023\/03\/2023_02_28_LNBSV_restos_coeur-1024x597.jpg 1024w, https:\/\/www.lyceenordbassin.fr\/wp-content\/uploads\/2023\/03\/2023_02_28_LNBSV_restos_coeur-300x175.jpg 300w, https:\/\/www.lyceenordbassin.fr\/wp-content\/uploads\/2023\/03\/2023_02_28_LNBSV_restos_coeur-768x448.jpg 768w, https:\/\/www.lyceenordbassin.fr\/wp-content\/uploads\/2023\/03\/2023_02_28_LNBSV_restos_coeur.jpg 1270w\" sizes=\"(max-width: 1024px) 100vw, 1024px\" \/><figcaption class=\"wp-element-caption\"><br>Rencontre des \u00e9l\u00e8ves du CVL et de la MDL avec M. Gidel au sein du lyc\u00e9e le 28 f\u00e9vrier 2023<\/figcaption><\/figure>\n\n\n\n<p>Lors de sa venue, le <strong>mardi 28 F\u00e9vrier 2023<\/strong>, Monsieur <strong>Gidel<\/strong>, repr\u00e9sentant de <strong>l\u2019association \u00ab\u00a0les restos du c\u0153ur\u00a0\u00bb<\/strong> de Lanton exprimera toute sa gratitude aux \u00e9l\u00e8ves organisateurs et remerciera toutes personnes ayant donn\u00e9 ou particip\u00e9 \u00e0 cette action.<\/p>\n\n\n\n<p>Pour en savoir plus, <strong><a href=\"https:\/\/ad33.restosducoeur.org\/centres-departementaux\/ad33-centre-dactivites-lanton\/\">visitez le site officiel des Restos du c\u0153ur de Lanton<\/a><\/strong><\/p>\n\n\n\n<p>Il ne fait nul doute qu\u2019une nouvelle campagne sera organis\u00e9e au sein du lyc\u00e9e l\u2019an prochain et que les \u00e9l\u00e8ves du CVL et de la MDL seront de nouveau mobilis\u00e9s pour obtenir encore plus de dons.<\/p>\n","protected":false},"excerpt":{"rendered":"<p>Durant la semaine du 20 au 25 f\u00e9vrier 2023, les \u00e9l\u00e8ves du Conseil de vie lyc\u00e9enne et de la Maison des lyc\u00e9ens du lyc\u00e9e Nord&hellip;<\/p>\n","protected":false},"author":1,"featured_media":0,"comment_status":"open","ping_status":"closed","sticky":false,"template":"","format":"standard","meta":[],"categories":[37,17,33,32],"tags":[230,38,35,229],"_links":{"self":[{"href":"https:\/\/www.lyceenordbassin.fr\/index.php\/wp-json\/wp\/v2\/posts\/1282"}],"collection":[{"href":"https:\/\/www.lyceenordbassin.fr\/index.php\/wp-json\/wp\/v2\/posts"}],"about":[{"href":"https:\/\/www.lyceenordbassin.fr\/index.php\/wp-json\/wp\/v2\/types\/post"}],"author":[{"embeddable":true,"href":"https:\/\/www.lyceenordbassin.fr\/index.php\/wp-json\/wp\/v2\/users\/1"}],"replies":[{"embeddable":true,"href":"https:\/\/www.lyceenordbassin.fr\/index.php\/wp-json\/wp\/v2\/comments?post=1282"}],"version-history":[{"count":4,"href":"https:\/\/www.lyceenordbassin.fr\/index.php\/wp-json\/wp\/v2\/posts\/1282\/revisions"}],"predecessor-version":[{"id":1288,"href":"https:\/\/www.lyceenordbassin.fr\/index.php\/wp-json\/wp\/v2\/posts\/1282\/revisions\/1288"}],"wp:attachment":[{"href":"https:\/\/www.lyceenordbassin.fr\/index.php\/wp-json\/wp\/v2\/media?parent=1282"}],"wp:term":[{"taxonomy":"category","embeddable":true,"href":"https:\/\/www.lyceenordbassin.fr\/index.php\/wp-json\/wp\/v2\/categories?post=1282"},{"taxonomy":"post_tag","embeddable":true,"href":"https:\/\/www.lyceenordbassin.fr\/index.php\/wp-json\/wp\/v2\/tags?post=1282"}],"curies":[{"name":"wp","href":"https:\/\/api.w.org\/{rel}","templated":true}]}}